{"id":375545,"date":"2026-08-31T11:16:44","date_gmt":"2026-08-31T14:16:44","guid":{"rendered":"https:\/\/www.tacticasoft.com\/?p=375545"},"modified":"2026-09-03T14:35:39","modified_gmt":"2026-09-03T17:35:39","slug":"coordinar-tareas-equipo-pyme","status":"publish","type":"post","link":"https:\/\/www.tacticasoft.com\/en\/coordinar-tareas-equipo-pyme\/","title":{"rendered":"Cada empleado con su lista de tareas y nadie viendo el conjunto: c\u00f3mo coordinar el trabajo interno de tu PyME"},"content":{"rendered":"<p>En muchas PyMEs, la coordinaci\u00f3n puertas adentro funciona a fuerza de grupos de WhatsApp, mails cruzados, planillas que solo actualiza una persona y reuniones semanales donde cada uno cuenta qu\u00e9 est\u00e1 haciendo. Nadie tiene una foto real del trabajo en curso. Las tareas se pisan, se duplican o quedan colgadas entre dos personas.<\/p>\n<p>Este art\u00edculo trata sobre un dolor que rara vez se nombra pero que se paga todos los d\u00edas: gestionar el trabajo interno sin una vista compartida.<\/p>\n<h2><span style=\"color: #ff0000;\"><b>La postal del desorden puertas adentro<\/b><\/span><\/h2>\n<p>Vale la pena mirar primero las escenas que se repiten:<\/p>\n<ul>\n<li aria-level=\"1\">Se asignan tareas por WhatsApp o mail y despu\u00e9s nadie recuerda qui\u00e9n qued\u00f3 a cargo.<\/li>\n<li aria-level=\"1\">Dos personas empiezan a trabajar sobre lo mismo sin saber que la otra ya lo estaba haciendo.<\/li>\n<li aria-level=\"1\">Las reuniones se van en \u00ab\u00bfen qu\u00e9 est\u00e1s ahora?\u00bb antes de que se pueda decidir nada.<\/li>\n<li aria-level=\"1\">Las vacaciones, licencias y ausencias del equipo viven en una planilla que actualiza una sola persona.<\/li>\n<li aria-level=\"1\">Cuando alguien se toma licencia, no hay forma de saber qu\u00e9 estaba haciendo.<\/li>\n<li aria-level=\"1\">No hay una agenda com\u00fan donde ver el trabajo del equipo de esta semana.<\/li>\n<\/ul>\n<p>Cuando varias de estas escenas conviven, el problema no es de compromiso del equipo. Es que la empresa no tiene una foto compartida del trabajo. Sin esa foto, la coordinaci\u00f3n depende de que cada uno se acuerde de avisar al resto.<\/p>\n<h2><span style=\"color: #ff0000;\"><b>Cuando el trabajo depende de la memoria, se cae<\/b><\/span><\/h2>\n<p>Uno de los problemas menos visibles de las PyMEs desordenadas puertas adentro es que el conocimiento operativo vive en cabezas, no en el sistema. El d\u00eda que esa cabeza se toma vacaciones o renuncia, hay tareas que se caen.<\/p>\n<p><i>\u00abQue una persona que ha desarrollado una tarea con buenos resultados se vaya de una empresa y la deje sin su conocimiento es una p\u00e9rdida de valor patrimonial, por lo que no deber\u00eda quedar el vac\u00edo de lo que fue su contribuci\u00f3n. El conocimiento o la experiencia que pudo haber aportado deben permanecer disponibles bajo la forma de esas f\u00f3rmulas que, insisto, deben ser ESCRITAS.\u00bb<\/i><\/p>\n<p><i>\u2014 Libro: Ni grandes, ni peque\u00f1as: Inteligentes de Manuel Sbdar.<\/i><\/p>\n<p>Vale tambi\u00e9n para la tarea del d\u00eda a d\u00eda: qui\u00e9n hace qu\u00e9, cu\u00e1ndo lo entrega, con qu\u00e9 prioridad y qu\u00e9 le qued\u00f3 pendiente. Cuando esa informaci\u00f3n vive en un lugar accesible al equipo, la coordinaci\u00f3n deja de ser una batalla.<\/p>\n<h2><span style=\"color: #ff0000;\"><b>M\u00e1s reuniones no arreglan la coordinaci\u00f3n<\/b><\/span><\/h2>\n<p>Otro patr\u00f3n frecuente es intentar tapar la desorganizaci\u00f3n con m\u00e1s reuniones. Pero las reuniones no son la soluci\u00f3n del problema: son consecuencia de que la informaci\u00f3n no est\u00e1 circulando en el momento y el lugar donde se necesita.<\/p>\n<p><i>\u00abEn el fondo, las empresas son la sumatoria de muchos procesos interrelacionados que \u2014como en una m\u00e1quina\u2014, si no est\u00e1n coordinados, el producto final puede no ser el deseado. La diferencia entre las grandes y las peque\u00f1as organizaciones radica en los procesos.\u00bb<\/i><\/p>\n<p><i>\u2014 Libro: ADN PyME: claves para darle vida y mejorar tu PyME de Jonatan Loidi.<\/i><\/p>\n<p>La diferencia entre una empresa desordenada y una que funciona no est\u00e1 en la cantidad de reuniones ni en el compromiso del equipo. Est\u00e1 en que existan procesos visibles y compartidos, donde cada actividad tenga un responsable, una fecha y un estado que cualquiera del equipo autorizado pueda ver.<\/p>\n<h2><span style=\"color: #ff0000;\"><b>El rol de TACTICA en la coordinaci\u00f3n interna<\/b><\/span><\/h2>\n<p><b>TACTICA<\/b> re\u00fane en un mismo entorno la agenda del equipo, la asignaci\u00f3n de actividades y los datos del personal, para que la coordinaci\u00f3n deje de depender de WhatsApps y planillas paralelas:<\/p>\n<ul>\n<li aria-level=\"1\"><b>Calendario: <\/b>centraliza las actividades de todos los usuarios (reuniones, llamadas, acciones) con notificaciones por correo e internas, estad\u00edsticas y lista de actividades.<\/li>\n<li aria-level=\"1\"><b>Empleados: <\/b>administra informaci\u00f3n del personal: historial, datos personales, ausencias, vacaciones, estudios m\u00e9dicos, trabajos anteriores y estudios, con campos personalizables y filtros.<\/li>\n<li aria-level=\"1\"><b>Actividades vinculadas a operaciones: <\/b>cada actividad puede ligarse a un cliente, presupuesto, pedido o ticket, integrando la agenda interna con el circuito comercial y de soporte.<\/li>\n<li aria-level=\"1\"><b>Administrador: <\/b>permite crear usuarios y definir roles y permisos para controlar qu\u00e9 informaci\u00f3n ve y modifica cada persona del equipo.<\/li>\n<li aria-level=\"1\"><b>Reportes: <\/b>muestran actividades realizadas por usuario y per\u00edodo, con visibilidad gerencial de lo que hace cada \u00e1rea.<\/li>\n<li aria-level=\"1\"><b>Strategikon: <\/b>complemento de inteligencia operativa que detecta actividades comerciales que no alcanzan sus objetivos, usuarios inactivos y registros con informaci\u00f3n incompleta, y notifica autom\u00e1ticamente al responsable.<\/li>\n<\/ul>\n<h2><span style=\"color: #ff0000;\"><b>Voces de PyMEs que ordenaron el trabajo interno<\/b><\/span><\/h2>\n<p><i>\u00abAhora que todos los integrantes de la empresa estamos sobre TACTICA CRM, es muy f\u00e1cil poder delegar tareas y reemplazar funciones. En el per\u00edodo de vacaciones las ausencias se notaron mucho menos por el uso intensivo de esta herramienta.\u00bb<\/i><\/p>\n<p><i>\u2014 <\/i><b><i>Juli\u00e1n<\/i><\/b><i>, Referente de Efalcom, provisi\u00f3n de equipos y sistemas de automatizaci\u00f3n industrial.<\/i><\/p>\n<p><i>\u00abAhora con TACTICA agilizamos los procesos y las comunicaciones entre las \u00e1reas. Tenemos mayor independencia, control y seguimiento.\u00bb<\/i><\/p>\n<p><i>\u2014 <\/i><b><i>Sebasti\u00e1n Acu\u00f1a<\/i><\/b><i>, Socio Director de Urucopy (Uruguay), venta y alquiler de equipamiento l\u00e1ser e impresoras.<\/i><\/p>\n<h2><span style=\"color: #ff0000;\"><b>S\u00edntomas de que la coordinaci\u00f3n interna est\u00e1 fr\u00e1gil<\/b><\/span><\/h2>\n<ul>\n<li aria-level=\"1\">Las decisiones diarias sobre qui\u00e9n hace qu\u00e9 se resuelven en chats de WhatsApp.<\/li>\n<li aria-level=\"1\">Nadie tiene una vista \u00fanica del calendario del equipo esta semana.<\/li>\n<li aria-level=\"1\">Los datos de empleados est\u00e1n en planillas de una sola persona.<\/li>\n<li aria-level=\"1\">Cuando alguien se ausenta, hay tareas que quedan sin retomar.<\/li>\n<li aria-level=\"1\">Se agregan reuniones porque \u00abnadie se entera\u00bb de lo que hacen los dem\u00e1s.<\/li>\n<li aria-level=\"1\">Las tareas asignadas no tienen fecha, estado ni responsable claramente visibles.<\/li>\n<\/ul>\n<h2><span style=\"color: #ff0000;\"><b>Conclusi\u00f3n<\/b><\/span><\/h2>\n<p>La coordinaci\u00f3n interna no se resuelve con m\u00e1s disciplina, m\u00e1s reuniones o m\u00e1s grupos de WhatsApp. Se resuelve con un sistema donde cada tarea tenga responsable, fecha y estado, y donde los datos del equipo vivan en un lugar accesible. Cuando esa base existe, el trabajo diario se coordina solo y no depende de que alguien avise a todo el mundo cada vez que algo cambia.<\/p>\n<p><b>TACTICA<\/b> re\u00fane Calendario, Empleados, Administrador y Reportes en la misma plataforma, dando visibilidad real del trabajo interno a la direcci\u00f3n y al equipo. Coordinar no deber\u00eda consumir la mitad del d\u00eda.<\/p>\n<p><a href=\"https:\/\/www.tacticasoft.com\/en\/contacto-tacticasoft\/\"><img fetchpriority=\"high\" decoding=\"async\" class=\"alignnone wp-image-374327\" src=\"https:\/\/www.tacticasoft.com\/wp-content\/uploads\/2025\/09\/solicitar-demo-post-300x75.jpg\" alt=\"\" width=\"900\" height=\"225\" srcset=\"https:\/\/www.tacticasoft.com\/wp-content\/uploads\/2025\/09\/solicitar-demo-post-300x75.jpg 300w, https:\/\/www.tacticasoft.com\/wp-content\/uploads\/2025\/09\/solicitar-demo-post-768x192.jpg 768w, https:\/\/www.tacticasoft.com\/wp-content\/uploads\/2025\/09\/solicitar-demo-post-18x5.jpg 18w, https:\/\/www.tacticasoft.com\/wp-content\/uploads\/2025\/09\/solicitar-demo-post-260x65.jpg 260w, https:\/\/www.tacticasoft.com\/wp-content\/uploads\/2025\/09\/solicitar-demo-post-50x13.jpg 50w, https:\/\/www.tacticasoft.com\/wp-content\/uploads\/2025\/09\/solicitar-demo-post-150x38.jpg 150w, https:\/\/www.tacticasoft.com\/wp-content\/uploads\/2025\/09\/solicitar-demo-post.jpg 800w\" sizes=\"(max-width: 900px) 100vw, 900px\" \/><\/a><\/p>\n<p><b>Ped\u00ed una demo personalizada de TACTICA y descubr\u00ed c\u00f3mo coordinar el trabajo interno de tu PyME.\u00a0<\/b><\/p>\n<h2 style=\"text-align: center;\"><span style=\"color: #ff0000;\"><b>Preguntas frecuentes<\/b><\/span><\/h2>\n<div class=\"accordion\"><div class=\"mfn-acc accordion_wrapper\"><\/p>\n<p><div class=\"question\"><div class=\"title\"><i class=\"icon-plus acc-icon-plus\" aria-hidden=\"true\"><\/i><i class=\"icon-minus acc-icon-minus\" aria-hidden=\"true\"><\/i><b>\u00bfQu\u00e9 es el m\u00f3dulo Calendario de TACTICA?<\/b><\/div><div class=\"answer\">Es el m\u00f3dulo que centraliza las actividades de todos los usuarios del sistema: reuniones, llamadas y acciones. Env\u00eda notificaciones por correo e internas, muestra estad\u00edsticas y ofrece la lista de actividades por usuario. Cada actividad puede vincularse a un cliente, presupuesto u operaci\u00f3n, conectando la agenda interna con el circuito comercial.<\/div><\/div>\n<\/p>\n<p><div class=\"question\"><div class=\"title\"><i class=\"icon-plus acc-icon-plus\" aria-hidden=\"true\"><\/i><i class=\"icon-minus acc-icon-minus\" aria-hidden=\"true\"><\/i><b>\u00bfQu\u00e9 informaci\u00f3n se puede administrar en el m\u00f3dulo Empleados?<\/b><\/div><div class=\"answer\">Permite cargar informaci\u00f3n del personal de la empresa: historial, datos personales, ausencias, vacaciones, estudios m\u00e9dicos, trabajos anteriores y estudios. Incluye campos personalizables y filtros. Toda esa informaci\u00f3n queda dentro del sistema, evitando planillas sueltas.<\/div><\/div>\n<\/p>\n<p><div class=\"question\"><div class=\"title\"><i class=\"icon-plus acc-icon-plus\" aria-hidden=\"true\"><\/i><i class=\"icon-minus acc-icon-minus\" aria-hidden=\"true\"><\/i><b>\u00bfC\u00f3mo se asignan y siguen las tareas del equipo?<\/b><\/div><div class=\"answer\">Las actividades se asignan desde el m\u00f3dulo Calendario o desde los m\u00f3dulos operativos (Presupuestos, Soporte, Empresas, entre otros), con responsable, fecha y estado. Cada actividad queda vinculada a la operaci\u00f3n correspondiente y visible para el equipo autorizado. Los reportes permiten ver el trabajo realizado por usuario y per\u00edodo.<\/div><\/div>\n<\/p>\n<p><div class=\"question\"><div class=\"title\"><i class=\"icon-plus acc-icon-plus\" aria-hidden=\"true\"><\/i><i class=\"icon-minus acc-icon-minus\" aria-hidden=\"true\"><\/i><b>\u00bfC\u00f3mo evitar que se pierdan tareas cuando alguien se ausenta?<\/b><\/div><div class=\"answer\">Manteniendo el trabajo dentro del sistema en lugar de en WhatsApps o carpetas personales. Cuando cada actividad vive en TACTICA con responsable, fecha y contexto, otra persona del equipo puede retomarla sin reconstruir el estado. El complemento Strategikon aporta un nivel extra: detecta usuarios inactivos, actividades comerciales que no alcanzan sus objetivos y registros incompletos, y avisa al responsable.<\/div><\/div>\n<\/p>\n<p><div class=\"question\"><div class=\"title\"><i class=\"icon-plus acc-icon-plus\" aria-hidden=\"true\"><\/i><i class=\"icon-minus acc-icon-minus\" aria-hidden=\"true\"><\/i><b>\u00bfSirve TACTICA para PyMEs con equipos peque\u00f1os?<\/b><\/div><div class=\"answer\">S\u00ed. TACTICA est\u00e1 pensada para PyMEs sin necesidad de departamento inform\u00e1tico interno. La coordinaci\u00f3n en equipos peque\u00f1os suele ser el paso m\u00e1s dif\u00edcil de profesionalizar, porque la memoria \u00abfunciona\u00bb\u2026 hasta que deja de funcionar. Una demo personalizada en tacticasoft.com\/contacto-tacticasoft permite evaluar el caso concreto.<\/div><\/div>\n<\/p>\n<p><\/div><\/div>","protected":false},"excerpt":{"rendered":"<p>En muchas PyMEs, la coordinaci\u00f3n puertas adentro funciona a fuerza de grupos de WhatsApp, mails cruzados, planillas que solo actualiza una persona y reuniones semanales donde<span class=\"excerpt-hellip\"> [\u2026]<\/span><\/p>\n","protected":false},"author":1,"featured_media":375562,"comment_status":"closed","ping_status":"closed","sticky":false,"template":"","format":"standard","meta":{"_acf_changed":false,"footnotes":""},"categories":[5270],"tags":[],"class_list":["post-375545","post","type-post","status-publish","format-standard","has-post-thumbnail","hentry","category-articulos"],"acf":[],"yoast_head":"<!-- This site is optimized with the Yoast SEO plugin v28.2 - https:\/\/yoast.com\/product\/yoast-seo-wordpress\/ -->\n<title>Cada empleado con su lista de tareas y nadie viendo el conjunto: c\u00f3mo coordinar el trabajo interno de tu PyME - TACTICASOFT<\/title>\n<meta name=\"robots\" content=\"index, follow, max-snippet:-1, max-image-preview:large, max-video-preview:-1\" \/>\n<link rel=\"canonical\" href=\"https:\/\/www.tacticasoft.com\/en\/coordinar-tareas-equipo-pyme\/\" \/>\n<meta property=\"og:locale\" content=\"en_US\" \/>\n<meta property=\"og:type\" content=\"article\" \/>\n<meta property=\"og:title\" content=\"Cada empleado con su lista de tareas y nadie viendo el conjunto: c\u00f3mo coordinar el trabajo interno de tu PyME - TACTICASOFT\" \/>\n<meta property=\"og:description\" content=\"En muchas PyMEs, la coordinaci\u00f3n puertas adentro funciona a fuerza de grupos de WhatsApp, mails cruzados, planillas que solo actualiza una persona y reuniones semanales donde [\u2026]\" \/>\n<meta property=\"og:url\" content=\"https:\/\/www.tacticasoft.com\/en\/coordinar-tareas-equipo-pyme\/\" \/>\n<meta property=\"og:site_name\" content=\"TACTICASOFT\" \/>\n<meta property=\"article:published_time\" content=\"2026-08-31T14:16:44+00:00\" \/>\n<meta property=\"article:modified_time\" content=\"2026-09-03T17:35:39+00:00\" \/>\n<meta property=\"og:image\" content=\"https:\/\/www.tacticasoft.com\/wp-content\/uploads\/2026\/08\/coordinar-el-trabajo-interno-de-tu-pyme.jpg\" \/>\n\t<meta property=\"og:image:width\" content=\"1024\" \/>\n\t<meta property=\"og:image:height\" content=\"479\" \/>\n\t<meta property=\"og:image:type\" content=\"image\/jpeg\" \/>\n<meta name=\"author\" content=\"TACTICASOFT\" \/>\n<meta name=\"twitter:card\" content=\"summary_large_image\" \/>\n<meta name=\"twitter:label1\" content=\"Written by\" \/>\n\t<meta name=\"twitter:data1\" content=\"TACTICASOFT\" \/>\n\t<meta name=\"twitter:label2\" content=\"Est. reading time\" \/>\n\t<meta name=\"twitter:data2\" content=\"7 minutes\" \/>\n<script type=\"application\/ld+json\" class=\"yoast-schema-graph\">{\"@context\":\"https:\\\/\\\/schema.org\",\"@graph\":[{\"@type\":\"Article\",\"@id\":\"https:\\\/\\\/www.tacticasoft.com\\\/coordinar-tareas-equipo-pyme\\\/#article\",\"isPartOf\":{\"@id\":\"https:\\\/\\\/www.tacticasoft.com\\\/coordinar-tareas-equipo-pyme\\\/\"},\"author\":{\"name\":\"TACTICASOFT\",\"@id\":\"https:\\\/\\\/www.tacticasoft.com\\\/#\\\/schema\\\/person\\\/6e3dd0397c34a007c9c3d54fcbc8d56c\"},\"headline\":\"Cada empleado con su lista de tareas y nadie viendo el conjunto: c\u00f3mo coordinar el trabajo interno de tu PyME\",\"datePublished\":\"2026-08-31T14:16:44+00:00\",\"dateModified\":\"2026-09-03T17:35:39+00:00\",\"mainEntityOfPage\":{\"@id\":\"https:\\\/\\\/www.tacticasoft.com\\\/coordinar-tareas-equipo-pyme\\\/\"},\"wordCount\":1416,\"publisher\":{\"@id\":\"https:\\\/\\\/www.tacticasoft.com\\\/#organization\"},\"image\":{\"@id\":\"https:\\\/\\\/www.tacticasoft.com\\\/coordinar-tareas-equipo-pyme\\\/#primaryimage\"},\"thumbnailUrl\":\"https:\\\/\\\/www.tacticasoft.com\\\/wp-content\\\/uploads\\\/2026\\\/08\\\/coordinar-el-trabajo-interno-de-tu-pyme.jpg\",\"articleSection\":[\"Art\u00edculos\"],\"inLanguage\":\"en-US\"},{\"@type\":\"WebPage\",\"@id\":\"https:\\\/\\\/www.tacticasoft.com\\\/coordinar-tareas-equipo-pyme\\\/\",\"url\":\"https:\\\/\\\/www.tacticasoft.com\\\/coordinar-tareas-equipo-pyme\\\/\",\"name\":\"Cada empleado con su lista de tareas y nadie viendo el conjunto: c\u00f3mo coordinar el trabajo interno de tu PyME - TACTICASOFT\",\"isPartOf\":{\"@id\":\"https:\\\/\\\/www.tacticasoft.com\\\/#website\"},\"primaryImageOfPage\":{\"@id\":\"https:\\\/\\\/www.tacticasoft.com\\\/coordinar-tareas-equipo-pyme\\\/#primaryimage\"},\"image\":{\"@id\":\"https:\\\/\\\/www.tacticasoft.com\\\/coordinar-tareas-equipo-pyme\\\/#primaryimage\"},\"thumbnailUrl\":\"https:\\\/\\\/www.tacticasoft.com\\\/wp-content\\\/uploads\\\/2026\\\/08\\\/coordinar-el-trabajo-interno-de-tu-pyme.jpg\",\"datePublished\":\"2026-08-31T14:16:44+00:00\",\"dateModified\":\"2026-09-03T17:35:39+00:00\",\"breadcrumb\":{\"@id\":\"https:\\\/\\\/www.tacticasoft.com\\\/coordinar-tareas-equipo-pyme\\\/#breadcrumb\"},\"inLanguage\":\"en-US\",\"potentialAction\":[{\"@type\":\"ReadAction\",\"target\":[\"https:\\\/\\\/www.tacticasoft.com\\\/coordinar-tareas-equipo-pyme\\\/\"]}]},{\"@type\":\"ImageObject\",\"inLanguage\":\"en-US\",\"@id\":\"https:\\\/\\\/www.tacticasoft.com\\\/coordinar-tareas-equipo-pyme\\\/#primaryimage\",\"url\":\"https:\\\/\\\/www.tacticasoft.com\\\/wp-content\\\/uploads\\\/2026\\\/08\\\/coordinar-el-trabajo-interno-de-tu-pyme.jpg\",\"contentUrl\":\"https:\\\/\\\/www.tacticasoft.com\\\/wp-content\\\/uploads\\\/2026\\\/08\\\/coordinar-el-trabajo-interno-de-tu-pyme.jpg\",\"width\":1024,\"height\":479},{\"@type\":\"BreadcrumbList\",\"@id\":\"https:\\\/\\\/www.tacticasoft.com\\\/coordinar-tareas-equipo-pyme\\\/#breadcrumb\",\"itemListElement\":[{\"@type\":\"ListItem\",\"position\":1,\"name\":\"Inicio\",\"item\":\"https:\\\/\\\/www.tacticasoft.com\\\/\"},{\"@type\":\"ListItem\",\"position\":2,\"name\":\"Cada empleado con su lista de tareas y nadie viendo el conjunto: c\u00f3mo coordinar el trabajo interno de tu PyME\"}]},{\"@type\":\"WebSite\",\"@id\":\"https:\\\/\\\/www.tacticasoft.com\\\/#website\",\"url\":\"https:\\\/\\\/www.tacticasoft.com\\\/\",\"name\":\"TACTICASOFT\",\"description\":\"Software de CRM y ERP\",\"publisher\":{\"@id\":\"https:\\\/\\\/www.tacticasoft.com\\\/#organization\"},\"potentialAction\":[{\"@type\":\"SearchAction\",\"target\":{\"@type\":\"EntryPoint\",\"urlTemplate\":\"https:\\\/\\\/www.tacticasoft.com\\\/?s={search_term_string}\"},\"query-input\":{\"@type\":\"PropertyValueSpecification\",\"valueRequired\":true,\"valueName\":\"search_term_string\"}}],\"inLanguage\":\"en-US\"},{\"@type\":\"Organization\",\"@id\":\"https:\\\/\\\/www.tacticasoft.com\\\/#organization\",\"name\":\"TACTICASOFT\",\"url\":\"https:\\\/\\\/www.tacticasoft.com\\\/\",\"logo\":{\"@type\":\"ImageObject\",\"inLanguage\":\"en-US\",\"@id\":\"https:\\\/\\\/www.tacticasoft.com\\\/#\\\/schema\\\/logo\\\/image\\\/\",\"url\":\"https:\\\/\\\/www.tacticasoft.com\\\/wp-content\\\/uploads\\\/2023\\\/01\\\/cropped-logo.png\",\"contentUrl\":\"https:\\\/\\\/www.tacticasoft.com\\\/wp-content\\\/uploads\\\/2023\\\/01\\\/cropped-logo.png\",\"width\":141,\"height\":135,\"caption\":\"TACTICASOFT\"},\"image\":{\"@id\":\"https:\\\/\\\/www.tacticasoft.com\\\/#\\\/schema\\\/logo\\\/image\\\/\"}},{\"@type\":\"Person\",\"@id\":\"https:\\\/\\\/www.tacticasoft.com\\\/#\\\/schema\\\/person\\\/6e3dd0397c34a007c9c3d54fcbc8d56c\",\"name\":\"TACTICASOFT\",\"image\":{\"@type\":\"ImageObject\",\"inLanguage\":\"en-US\",\"@id\":\"https:\\\/\\\/secure.gravatar.com\\\/avatar\\\/2c6ebc6df91e56dd401f3d699b22c76106426c9d3e744871bebbe8b60530e230?s=96&d=mm&r=g\",\"url\":\"https:\\\/\\\/secure.gravatar.com\\\/avatar\\\/2c6ebc6df91e56dd401f3d699b22c76106426c9d3e744871bebbe8b60530e230?s=96&d=mm&r=g\",\"contentUrl\":\"https:\\\/\\\/secure.gravatar.com\\\/avatar\\\/2c6ebc6df91e56dd401f3d699b22c76106426c9d3e744871bebbe8b60530e230?s=96&d=mm&r=g\",\"caption\":\"TACTICASOFT\"},\"sameAs\":[\"https:\\\/\\\/www.tacticasoft.com\"],\"url\":\"https:\\\/\\\/www.tacticasoft.com\\\/en\\\/author\\\/tacticasoft_yi1hts\\\/\"}]}<\/script>\n<!-- \/ Yoast SEO plugin. -->","yoast_head_json":{"title":"Cada empleado con su lista de tareas y nadie viendo el conjunto: c\u00f3mo coordinar el trabajo interno de tu PyME - TACTICASOFT","robots":{"index":"index","follow":"follow","max-snippet":"max-snippet:-1","max-image-preview":"max-image-preview:large","max-video-preview":"max-video-preview:-1"},"canonical":"https:\/\/www.tacticasoft.com\/en\/coordinar-tareas-equipo-pyme\/","og_locale":"en_US","og_type":"article","og_title":"Cada empleado con su lista de tareas y nadie viendo el conjunto: c\u00f3mo coordinar el trabajo interno de tu PyME - TACTICASOFT","og_description":"En muchas PyMEs, la coordinaci\u00f3n puertas adentro funciona a fuerza de grupos de WhatsApp, mails cruzados, planillas que solo actualiza una persona y reuniones semanales donde [\u2026]","og_url":"https:\/\/www.tacticasoft.com\/en\/coordinar-tareas-equipo-pyme\/","og_site_name":"TACTICASOFT","article_published_time":"2026-08-31T14:16:44+00:00","article_modified_time":"2026-09-03T17:35:39+00:00","og_image":[{"width":1024,"height":479,"url":"https:\/\/www.tacticasoft.com\/wp-content\/uploads\/2026\/08\/coordinar-el-trabajo-interno-de-tu-pyme.jpg","type":"image\/jpeg"}],"author":"TACTICASOFT","twitter_card":"summary_large_image","twitter_misc":{"Written by":"TACTICASOFT","Est. reading time":"7 minutes"},"schema":{"@context":"https:\/\/schema.org","@graph":[{"@type":"Article","@id":"https:\/\/www.tacticasoft.com\/coordinar-tareas-equipo-pyme\/#article","isPartOf":{"@id":"https:\/\/www.tacticasoft.com\/coordinar-tareas-equipo-pyme\/"},"author":{"name":"TACTICASOFT","@id":"https:\/\/www.tacticasoft.com\/#\/schema\/person\/6e3dd0397c34a007c9c3d54fcbc8d56c"},"headline":"Cada empleado con su lista de tareas y nadie viendo el conjunto: c\u00f3mo coordinar el trabajo interno de tu PyME","datePublished":"2026-08-31T14:16:44+00:00","dateModified":"2026-09-03T17:35:39+00:00","mainEntityOfPage":{"@id":"https:\/\/www.tacticasoft.com\/coordinar-tareas-equipo-pyme\/"},"wordCount":1416,"publisher":{"@id":"https:\/\/www.tacticasoft.com\/#organization"},"image":{"@id":"https:\/\/www.tacticasoft.com\/coordinar-tareas-equipo-pyme\/#primaryimage"},"thumbnailUrl":"https:\/\/www.tacticasoft.com\/wp-content\/uploads\/2026\/08\/coordinar-el-trabajo-interno-de-tu-pyme.jpg","articleSection":["Art\u00edculos"],"inLanguage":"en-US"},{"@type":"WebPage","@id":"https:\/\/www.tacticasoft.com\/coordinar-tareas-equipo-pyme\/","url":"https:\/\/www.tacticasoft.com\/coordinar-tareas-equipo-pyme\/","name":"Cada empleado con su lista de tareas y nadie viendo el conjunto: c\u00f3mo coordinar el trabajo interno de tu PyME - TACTICASOFT","isPartOf":{"@id":"https:\/\/www.tacticasoft.com\/#website"},"primaryImageOfPage":{"@id":"https:\/\/www.tacticasoft.com\/coordinar-tareas-equipo-pyme\/#primaryimage"},"image":{"@id":"https:\/\/www.tacticasoft.com\/coordinar-tareas-equipo-pyme\/#primaryimage"},"thumbnailUrl":"https:\/\/www.tacticasoft.com\/wp-content\/uploads\/2026\/08\/coordinar-el-trabajo-interno-de-tu-pyme.jpg","datePublished":"2026-08-31T14:16:44+00:00","dateModified":"2026-09-03T17:35:39+00:00","breadcrumb":{"@id":"https:\/\/www.tacticasoft.com\/coordinar-tareas-equipo-pyme\/#breadcrumb"},"inLanguage":"en-US","potentialAction":[{"@type":"ReadAction","target":["https:\/\/www.tacticasoft.com\/coordinar-tareas-equipo-pyme\/"]}]},{"@type":"ImageObject","inLanguage":"en-US","@id":"https:\/\/www.tacticasoft.com\/coordinar-tareas-equipo-pyme\/#primaryimage","url":"https:\/\/www.tacticasoft.com\/wp-content\/uploads\/2026\/08\/coordinar-el-trabajo-interno-de-tu-pyme.jpg","contentUrl":"https:\/\/www.tacticasoft.com\/wp-content\/uploads\/2026\/08\/coordinar-el-trabajo-interno-de-tu-pyme.jpg","width":1024,"height":479},{"@type":"BreadcrumbList","@id":"https:\/\/www.tacticasoft.com\/coordinar-tareas-equipo-pyme\/#breadcrumb","itemListElement":[{"@type":"ListItem","position":1,"name":"Inicio","item":"https:\/\/www.tacticasoft.com\/"},{"@type":"ListItem","position":2,"name":"Cada empleado con su lista de tareas y nadie viendo el conjunto: c\u00f3mo coordinar el trabajo interno de tu PyME"}]},{"@type":"WebSite","@id":"https:\/\/www.tacticasoft.com\/#website","url":"https:\/\/www.tacticasoft.com\/","name":"TACTICASOFT","description":"Software de CRM y ERP","publisher":{"@id":"https:\/\/www.tacticasoft.com\/#organization"},"potentialAction":[{"@type":"SearchAction","target":{"@type":"EntryPoint","urlTemplate":"https:\/\/www.tacticasoft.com\/?s={search_term_string}"},"query-input":{"@type":"PropertyValueSpecification","valueRequired":true,"valueName":"search_term_string"}}],"inLanguage":"en-US"},{"@type":"Organization","@id":"https:\/\/www.tacticasoft.com\/#organization","name":"TACTICASOFT","url":"https:\/\/www.tacticasoft.com\/","logo":{"@type":"ImageObject","inLanguage":"en-US","@id":"https:\/\/www.tacticasoft.com\/#\/schema\/logo\/image\/","url":"https:\/\/www.tacticasoft.com\/wp-content\/uploads\/2023\/01\/cropped-logo.png","contentUrl":"https:\/\/www.tacticasoft.com\/wp-content\/uploads\/2023\/01\/cropped-logo.png","width":141,"height":135,"caption":"TACTICASOFT"},"image":{"@id":"https:\/\/www.tacticasoft.com\/#\/schema\/logo\/image\/"}},{"@type":"Person","@id":"https:\/\/www.tacticasoft.com\/#\/schema\/person\/6e3dd0397c34a007c9c3d54fcbc8d56c","name":"TACTICASOFT","image":{"@type":"ImageObject","inLanguage":"en-US","@id":"https:\/\/secure.gravatar.com\/avatar\/2c6ebc6df91e56dd401f3d699b22c76106426c9d3e744871bebbe8b60530e230?s=96&d=mm&r=g","url":"https:\/\/secure.gravatar.com\/avatar\/2c6ebc6df91e56dd401f3d699b22c76106426c9d3e744871bebbe8b60530e230?s=96&d=mm&r=g","contentUrl":"https:\/\/secure.gravatar.com\/avatar\/2c6ebc6df91e56dd401f3d699b22c76106426c9d3e744871bebbe8b60530e230?s=96&d=mm&r=g","caption":"TACTICASOFT"},"sameAs":["https:\/\/www.tacticasoft.com"],"url":"https:\/\/www.tacticasoft.com\/en\/author\/tacticasoft_yi1hts\/"}]}},"_links":{"self":[{"href":"https:\/\/www.tacticasoft.com\/en\/wp-json\/wp\/v2\/posts\/375545","targetHints":{"allow":["GET"]}}],"collection":[{"href":"https:\/\/www.tacticasoft.com\/en\/wp-json\/wp\/v2\/posts"}],"about":[{"href":"https:\/\/www.tacticasoft.com\/en\/wp-json\/wp\/v2\/types\/post"}],"author":[{"embeddable":true,"href":"https:\/\/www.tacticasoft.com\/en\/wp-json\/wp\/v2\/users\/1"}],"replies":[{"embeddable":true,"href":"https:\/\/www.tacticasoft.com\/en\/wp-json\/wp\/v2\/comments?post=375545"}],"version-history":[{"count":1,"href":"https:\/\/www.tacticasoft.com\/en\/wp-json\/wp\/v2\/posts\/375545\/revisions"}],"predecessor-version":[{"id":375557,"href":"https:\/\/www.tacticasoft.com\/en\/wp-json\/wp\/v2\/posts\/375545\/revisions\/375557"}],"wp:featuredmedia":[{"embeddable":true,"href":"https:\/\/www.tacticasoft.com\/en\/wp-json\/wp\/v2\/media\/375562"}],"wp:attachment":[{"href":"https:\/\/www.tacticasoft.com\/en\/wp-json\/wp\/v2\/media?parent=375545"}],"wp:term":[{"taxonomy":"category","embeddable":true,"href":"https:\/\/www.tacticasoft.com\/en\/wp-json\/wp\/v2\/categories?post=375545"},{"taxonomy":"post_tag","embeddable":true,"href":"https:\/\/www.tacticasoft.com\/en\/wp-json\/wp\/v2\/tags?post=375545"}],"curies":[{"name":"wp","href":"https:\/\/api.w.org\/{rel}","templated":true}]}}